{"id":412,"date":"2017-04-13T15:09:59","date_gmt":"2017-04-13T14:09:59","guid":{"rendered":"https:\/\/www.medespoir.com\/blog\/?p=412"},"modified":"2021-06-03T16:12:04","modified_gmt":"2021-06-03T15:12:04","slug":"touche-a-postevideo-chirurgie-esthetique-jean-michel-maire","status":"publish","type":"post","link":"https:\/\/www.medespoir.com\/blog\/2017\/04\/13\/touche-a-postevideo-chirurgie-esthetique-jean-michel-maire\/","title":{"rendered":"Touche pas \u00e0 mon poste(Vid\u00e9o chirurgie esth\u00e9tique Jean-Michel Maire)"},"content":{"rendered":"<p><a href=\"https:\/\/www.medespoir.com\/blog\/wp-content\/uploads\/2017\/04\/jean-michel-maire-chirurgie-esthetique-touche-pas-a-mon-poste.jpeg\"><img loading=\"lazy\" decoding=\"async\" class=\"alignnone size-full wp-image-415\" src=\"https:\/\/www.medespoir.com\/blog\/wp-content\/uploads\/2017\/04\/jean-michel-maire-chirurgie-esthetique-touche-pas-a-mon-poste.jpeg\" alt=\"chirurgie jean michel maire\" width=\"753\" height=\"564\" srcset=\"https:\/\/www.medespoir.com\/blog\/wp-content\/uploads\/2017\/04\/jean-michel-maire-chirurgie-esthetique-touche-pas-a-mon-poste.jpeg 753w, https:\/\/www.medespoir.com\/blog\/wp-content\/uploads\/2017\/04\/jean-michel-maire-chirurgie-esthetique-touche-pas-a-mon-poste-300x225.jpeg 300w\" sizes=\"auto, (max-width: 753px) 100vw, 753px\" \/><\/a><br \/>\nCertains people n&rsquo;assument pas, certains assument. C&rsquo;est le cas de Jean-Michel Maire qui a r\u00e9v\u00e9l\u00e9 avoir fait une op\u00e9ration de chirurgie.<br \/>\nDifficile d&rsquo;ailleurs de la cacher car le chroniqueur n&rsquo;a pas h\u00e9sit\u00e9 \u00e0 se montrer \u00e0 l&rsquo;\u00e9cran avec les marques post op\u00e9ratoires de son intervention.<br \/>\nMais quelle est cette op\u00e9ration ? Il en parle dans la vid\u00e9o ci-dessous et nous vous en disons plus .<br \/>\n<\/br><br \/>\nTouche pas \u00e0 mon poste, c&rsquo;est l&rsquo;\u00e9mission buzz de l&rsquo;acc\u00e8s prime time. Qu&rsquo;on aime ou qu&rsquo;on aime pas, tout le monde connait TPMP gr\u00e2ce \u00e0 Cyril Hanouna et \u00e0 ses chroniqueurs.<br \/>\nC&rsquo;est l&rsquo;un d&rsquo;entre eux, Jean-Michel Maire, qui a fait le buzz cette semaine en montrant son visage apr\u00e8s une intervention de chirurgie esth\u00e9tique.<br \/>\nDans <a href=\"http:\/\/www.gala.fr\/l_actu\/news_de_stars\/video_-_jean-michel_maire_a_succombe_a_la_chirurgie_esthetique_et_ce_n_est_pas_beau_a_voir_391186\">cette vid\u00e9o qui pr\u00e9sente la s\u00e9quence r\u00e9v\u00e9lation du visage de Jean-Michel Maire<\/a> apr\u00e8s l&rsquo;intervention, vous allez d\u00e9couvrir un Jean-Michel Maire avec les traits tir\u00e9s, des \u0153d\u00e8mes et des ecchymoses.<\/p>\n<h2>Le buzz par l&rsquo;impressionnant<\/h2>\n<p>Le bon moyen de faire du buzz autour de la chirurgie plastique, c&rsquo;est de montrer des r\u00e9sultats impressionnants. Dans la vid\u00e9o, on voit que Jean-Michel Maire a visiblement r\u00e9alis\u00e9 une <a href=\"https:\/\/www.medespoir.com\/blepharoplastie.php\">bl\u00e9pharoplastie<\/a>, il parle ensuite d&rsquo;une op\u00e9ration qui supprime les paupi\u00e8res lourdes.<br \/>\nQu&rsquo;il ne connaisse pas le nom \u00ab\u00a0scientifique\u00a0\u00bb de l&rsquo;intervention de chirurgie esth\u00e9tique qu&rsquo;il a r\u00e9alis\u00e9 n&rsquo;est pas un probl\u00e8me. Ce qui est \u00e9tonnant(ou de sa part) ou des m\u00e9dias qui en parlent c&rsquo;est de parler de \u00ab\u00a0catastrophe\u00a0\u00bb.<br \/>\nPourquoi ? D&rsquo;abord parce que le chroniqueur de TPMP est revenu dans l&rsquo;\u00e9mission une semaine apr\u00e8s sa chirurgie des paupi\u00e8res. Or, apr\u00e8s 1 semaine, il est a priori normal que le visage soit marqu\u00e9.<br \/>\nEnsuite, il est curieux de mettre en sc\u00e8ne \u00ab\u00a0un rat\u00e9 chirurgical\u00a0\u00bb pour en faire une s\u00e9quence de buzz , quitte peut-\u00eatre \u00e0 mettre en difficult\u00e9 le chirurgien esth\u00e9tique parisien qui a r\u00e9alis\u00e9 l&rsquo;intervention.<\/p>\n","protected":false},"excerpt":{"rendered":"<p>Certains people n&rsquo;assument pas, certains assument. C&rsquo;est le cas de Jean-Michel Maire qui a r\u00e9v\u00e9l\u00e9 avoir fait une op\u00e9ration de chirurgie. Difficile d&rsquo;ailleurs de la cacher car le chroniqueur n&rsquo;a pas h\u00e9sit\u00e9 \u00e0 se montrer \u00e0 l&rsquo;\u00e9cran avec les marques post op\u00e9ratoires de son intervention. Mais quelle est cette op\u00e9ration ? Il en parle dans&hellip; <span class=\"kuorinka-read-more\"><a href=\"https:\/\/www.medespoir.com\/blog\/2017\/04\/13\/touche-a-postevideo-chirurgie-esthetique-jean-michel-maire\/\" class=\"more-link\">Lire la suite <span class=\"screen-reader-text\">Touche pas \u00e0 mon poste(Vid\u00e9o chirurgie esth\u00e9tique Jean-Michel Maire)<\/span><\/a><\/span><\/p>\n","protected":false},"author":1,"featured_media":0,"comment_status":"open","ping_status":"open","sticky":false,"template":"","format":"standard","meta":{"footnotes":""},"categories":[5,6],"tags":[],"class_list":{"0":"post-412","1":"post","2":"type-post","3":"status-publish","4":"format-standard","6":"category-actualites","7":"category-visage","8":"entry"},"_links":{"self":[{"href":"https:\/\/www.medespoir.com\/blog\/wp-json\/wp\/v2\/posts\/412","targetHints":{"allow":["GET"]}}],"collection":[{"href":"https:\/\/www.medespoir.com\/blog\/wp-json\/wp\/v2\/posts"}],"about":[{"href":"https:\/\/www.medespoir.com\/blog\/wp-json\/wp\/v2\/types\/post"}],"author":[{"embeddable":true,"href":"https:\/\/www.medespoir.com\/blog\/wp-json\/wp\/v2\/users\/1"}],"replies":[{"embeddable":true,"href":"https:\/\/www.medespoir.com\/blog\/wp-json\/wp\/v2\/comments?post=412"}],"version-history":[{"count":8,"href":"https:\/\/www.medespoir.com\/blog\/wp-json\/wp\/v2\/posts\/412\/revisions"}],"predecessor-version":[{"id":1234,"href":"https:\/\/www.medespoir.com\/blog\/wp-json\/wp\/v2\/posts\/412\/revisions\/1234"}],"wp:attachment":[{"href":"https:\/\/www.medespoir.com\/blog\/wp-json\/wp\/v2\/media?parent=412"}],"wp:term":[{"taxonomy":"category","embeddable":true,"href":"https:\/\/www.medespoir.com\/blog\/wp-json\/wp\/v2\/categories?post=412"},{"taxonomy":"post_tag","embeddable":true,"href":"https:\/\/www.medespoir.com\/blog\/wp-json\/wp\/v2\/tags?post=412"}],"curies":[{"name":"wp","href":"https:\/\/api.w.org\/{rel}","templated":true}]}}