{"id":3475,"date":"2026-03-05T10:05:10","date_gmt":"2026-03-05T09:05:10","guid":{"rendered":"https:\/\/www.medespoir.com\/blog\/?p=3475"},"modified":"2026-03-05T10:05:10","modified_gmt":"2026-03-05T09:05:10","slug":"jambes-poteaux-lalerte-de-mediapart-depuis-2023","status":"publish","type":"post","link":"https:\/\/www.medespoir.com\/blog\/2026\/03\/05\/jambes-poteaux-lalerte-de-mediapart-depuis-2023\/","title":{"rendered":"Jambes poteaux : L&rsquo;alerte de Mediapart depuis 2023"},"content":{"rendered":"<p><!-- Labeling s\u00e9mantique invisible --><br \/>\n<meta name=\"keywords\" content=\"maladie jambes poteaux, lip\u0153d\u00e8me, jambes poteaux traitement, lip\u0153d\u00e8me diagnostic, lip\u0153d\u00e8me prise en charge, jambes poteaux maladie\"><\/p>\n<p><!-- Donn\u00e9es structur\u00e9es --><br \/>\n<script type=\"application\/ld+json\">\n{\n\"@context\": \"https:\/\/schema.org\",\n\"@type\": \"Article\",\n\"headline\": \"Maladie des jambes poteaux : ce que r\u00e9v\u00e9lait Mediapart sur la prise en charge du lip\u0153d\u00e8me\",\n\"description\": \"En 2023, Mediapart alertait sur les difficult\u00e9s de prise en charge du lip\u0153d\u00e8me, souvent appel\u00e9 maladie des jambes poteaux.\",\n\"author\": {\n\"@type\": \"Organization\",\n\"name\": \"Medespoir\"\n},\n\"publisher\": {\n\"@type\": \"Organization\",\n\"name\": \"Medespoir\",\n\"logo\": {\n\"@type\": \"ImageObject\",\n\"url\": \"https:\/\/www.medespoir.com\/assets\/images\/logo.png\"\n}\n},\n\"datePublished\": \"2026-03-05\",\n\"dateModified\": \"2026-03-05\",\n\"mainEntityOfPage\": {\n\"@type\": \"WebPage\",\n\"@id\": \"https:\/\/www.medespoir.com\/blog\/maladie-jambes-poteaux-mediapart.html\"\n}\n}\n<\/script><\/p>\n<p><\/head><\/p>\n<p><body><\/p>\n<p><em>Maladie des jambes poteaux : pourquoi la prise en charge du lip\u0153d\u00e8me reste un probl\u00e8me majeur<\/em><br \/>\n<a href=\"https:\/\/www.medespoir.com\/blog\/wp-content\/uploads\/2026\/03\/mediapart-jambes-poteaux.jpg\"><img loading=\"lazy\" decoding=\"async\" src=\"https:\/\/www.medespoir.com\/blog\/wp-content\/uploads\/2026\/03\/mediapart-jambes-poteaux-300x66.jpg\" alt=\"Mediapart jambes poteaux \" width=\"300\" height=\"66\" class=\"alignnone size-medium wp-image-3477\" srcset=\"https:\/\/www.medespoir.com\/blog\/wp-content\/uploads\/2026\/03\/mediapart-jambes-poteaux-300x66.jpg 300w, https:\/\/www.medespoir.com\/blog\/wp-content\/uploads\/2026\/03\/mediapart-jambes-poteaux.jpg 461w\" sizes=\"auto, (max-width: 300px) 100vw, 300px\" \/><\/a><\/p>\n<p>\nEn 2023, une enqu\u00eate du journal <strong>Mediapart<\/strong> a mis en lumi\u00e8re une r\u00e9alit\u00e9 encore largement ignor\u00e9e : la<br \/>\n<strong>maladie des jambes poteaux<\/strong>, appel\u00e9e m\u00e9dicalement <strong>lip\u0153d\u00e8me<\/strong>, <a href=\"https:\/\/www.mediapart.fr\/journal\/france\/110623\/maladie-des-jambes-poteaux-ces-patientes-que-la-france-refuse-de-prendre-en-charge\">reste tr\u00e8s mal prise en charge en France<\/a> et dans de nombreux pays.\n<\/p>\n<p>\nCette pathologie chronique touche principalement les femmes et provoque une accumulation anormale de graisse dans les jambes, donnant une apparence cylindrique souvent d\u00e9crite comme des <strong>jambes \u00e9paisses ou jambes poteaux<\/strong>.\n<\/p>\n<p>\nMais au-del\u00e0 des sympt\u00f4mes physiques, l\u2019enqu\u00eate r\u00e9v\u00e9lait surtout un probl\u00e8me central : <strong>le manque de reconnaissance m\u00e9dicale et la difficult\u00e9 d\u2019acc\u00e8s aux traitements<\/strong>.\n<\/p>\n<p><a href=\"https:\/\/www.medespoir.com\/blog\/wp-content\/uploads\/2026\/03\/jambes-poteaux-charge.png\"><img loading=\"lazy\" decoding=\"async\" src=\"https:\/\/www.medespoir.com\/blog\/wp-content\/uploads\/2026\/03\/jambes-poteaux-charge-200x300.png\" alt=\"Jambes poteaux prise en charge\" width=\"200\" height=\"300\" class=\"alignnone size-medium wp-image-3478\" srcset=\"https:\/\/www.medespoir.com\/blog\/wp-content\/uploads\/2026\/03\/jambes-poteaux-charge-200x300.png 200w, https:\/\/www.medespoir.com\/blog\/wp-content\/uploads\/2026\/03\/jambes-poteaux-charge-683x1024.png 683w, https:\/\/www.medespoir.com\/blog\/wp-content\/uploads\/2026\/03\/jambes-poteaux-charge-768x1152.png 768w, https:\/\/www.medespoir.com\/blog\/wp-content\/uploads\/2026\/03\/jambes-poteaux-charge.png 1024w\" sizes=\"auto, (max-width: 200px) 100vw, 200px\" \/><\/a><\/p>\n<h2>Une maladie reconnue mais encore mal diagnostiqu\u00e9e<\/h2>\n<p>\nLe lip\u0153d\u00e8me est aujourd\u2019hui reconnu par l\u2019Organisation mondiale de la sant\u00e9. Pourtant, de nombreuses femmes souffrant de jambes poteaux mettent parfois des ann\u00e9es avant d\u2019obtenir un diagnostic pr\u00e9cis.\n<\/p>\n<p>\nPlusieurs facteurs expliquent cette situation :\n<\/p>\n<ul>\n<li>une confusion fr\u00e9quente avec l\u2019ob\u00e9sit\u00e9 ou la cellulite<\/li>\n<li>un manque de formation sur cette maladie dans certains syst\u00e8mes de sant\u00e9<\/li>\n<li>des sympt\u00f4mes encore mal connus du grand public<\/li>\n<\/ul>\n<p>\nR\u00e9sultat : beaucoup de patientes vivent une v\u00e9ritable <strong>errance m\u00e9dicale<\/strong> avant de comprendre l\u2019origine r\u00e9elle de leurs sympt\u00f4mes.\n<\/p>\n<h2>Ce que d\u00e9non\u00e7ait l\u2019enqu\u00eate de Mediapart en 2023<\/h2>\n<p>\nL\u2019enqu\u00eate publi\u00e9e en 2023 par Mediapart insistait sur un point pr\u00e9cis :<br \/>\n<strong>la prise en charge du lip\u0153d\u00e8me reste tr\u00e8s insuffisante<\/strong>.\n<\/p>\n<p>\nDe nombreuses patientes t\u00e9moignaient de difficult\u00e9s \u00e0 obtenir :\n<\/p>\n<ul>\n<li>un diagnostic clair<\/li>\n<li>un suivi m\u00e9dical sp\u00e9cialis\u00e9<\/li>\n<li>une prise en charge financi\u00e8re des traitements<\/li>\n<\/ul>\n<p>\nDans plusieurs pays europ\u00e9ens, les traitements du lip\u0153d\u00e8me sont encore consid\u00e9r\u00e9s comme des actes esth\u00e9tiques et non m\u00e9dicaux, ce qui limite leur remboursement.\n<\/p>\n<p>\nCette situation pousse certaines patientes \u00e0 chercher des solutions dans des centres sp\u00e9cialis\u00e9s capables de traiter sp\u00e9cifiquement cette maladie.\n<\/p>\n<div style=\"background:linear-gradient(135deg,#f4f8ff,#e6efff);\npadding:22px;\nborder-left:5px solid #1e5bb8;\nborder-radius:8px;\nmargin:40px 0;\nbox-shadow:0 6px 18px rgba(0,0,0,0.08);\"><\/p>\n<h3 style=\"margin-top:0;\">Une solution sp\u00e9cialis\u00e9e pour traiter la maladie des jambes poteaux<\/h3>\n<p>\nFace aux difficult\u00e9s de prise en charge du <strong>lip\u0153d\u00e8me<\/strong>, certaines \u00e9quipes m\u00e9dicales ont d\u00e9velopp\u00e9 des approches sp\u00e9cifiques pour traiter cette maladie.\n<\/p>\n<p>\nEn <strong>Tunisie<\/strong>, des centres sp\u00e9cialis\u00e9s proposent aujourd\u2019hui des protocoles d\u00e9di\u00e9s au traitement de la <strong>maladie des jambes poteaux<\/strong>.\n<\/p>\n<p>\nPour comprendre les sympt\u00f4mes, le diagnostic et les options de traitement existantes, consultez cette page compl\u00e8te :\n<\/p>\n<p>\n<a href=\"https:\/\/www.medespoir.com\/j-pot.php\"><strong>\u2192 Traitement de la maladie des jambes poteaux<\/strong><\/a>\n<\/p>\n<\/div>\n<h2>Pourquoi le lip\u0153d\u00e8me est souvent confondu avec un probl\u00e8me de poids<\/h2>\n<p>\nL\u2019un des probl\u00e8mes majeurs du lip\u0153d\u00e8me est qu\u2019il ressemble parfois \u00e0 une prise de poids localis\u00e9e.\n<\/p>\n<p>\nPourtant, plusieurs signes permettent de distinguer la maladie :\n<\/p>\n<ul>\n<li>des jambes disproportionn\u00e9es par rapport au haut du corps<\/li>\n<li>une graisse douloureuse au toucher<\/li>\n<li>une r\u00e9sistance aux r\u00e9gimes et au sport<\/li>\n<li>des ecchymoses fr\u00e9quentes<\/li>\n<\/ul>\n<p>\nCes sympt\u00f4mes expliquent pourquoi certaines femmes parlent spontan\u00e9ment de <strong>maladie des jambes poteaux<\/strong> avant m\u00eame d\u2019entendre le terme m\u00e9dical de lip\u0153d\u00e8me.\n<\/p>\n<h2>Vers une meilleure reconnaissance de la maladie<\/h2>\n<p>\nDepuis plusieurs ann\u00e9es, les associations de patientes et certains professionnels de sant\u00e9 militent pour une meilleure reconnaissance du lip\u0153d\u00e8me.\n<\/p>\n<p>\nL\u2019objectif est double :\n<\/p>\n<ul>\n<li>am\u00e9liorer le diagnostic pr\u00e9coce<\/li>\n<li>faciliter l\u2019acc\u00e8s aux traitements sp\u00e9cialis\u00e9s<\/li>\n<\/ul>\n<p>\nLa m\u00e9diatisation du sujet, notamment \u00e0 travers des enqu\u00eates comme celle publi\u00e9e par Mediapart, a contribu\u00e9 \u00e0 faire conna\u00eetre cette maladie encore trop souvent m\u00e9connue.\n<\/p>\n<p>\nAujourd\u2019hui, de plus en plus de femmes d\u00e9couvrent que leurs sympt\u00f4mes correspondent \u00e0 une pathologie r\u00e9elle et qu\u2019il existe des solutions pour am\u00e9liorer leur qualit\u00e9 de vie.\n<\/p>\n<p><\/body><br \/>\n<\/html><\/p>\n","protected":false},"excerpt":{"rendered":"<p>Maladie des jambes poteaux : pourquoi la prise en charge du lip\u0153d\u00e8me reste un probl\u00e8me majeur En 2023, une enqu\u00eate du journal Mediapart a mis en lumi\u00e8re une r\u00e9alit\u00e9 encore largement ignor\u00e9e : la maladie des jambes poteaux, appel\u00e9e m\u00e9dicalement lip\u0153d\u00e8me, reste tr\u00e8s mal prise en charge en France et dans de nombreux pays. Cette&hellip; <span class=\"kuorinka-read-more\"><a href=\"https:\/\/www.medespoir.com\/blog\/2026\/03\/05\/jambes-poteaux-lalerte-de-mediapart-depuis-2023\/\" class=\"more-link\">Lire la suite <span class=\"screen-reader-text\">Jambes poteaux : L&rsquo;alerte de Mediapart depuis 2023<\/span><\/a><\/span><\/p>\n","protected":false},"author":1,"featured_media":0,"comment_status":"open","ping_status":"open","sticky":false,"template":"","format":"standard","meta":{"footnotes":""},"categories":[5,1],"tags":[],"class_list":{"0":"post-3475","1":"post","2":"type-post","3":"status-publish","4":"format-standard","6":"category-actualites","7":"category-silhouette","8":"entry"},"_links":{"self":[{"href":"https:\/\/www.medespoir.com\/blog\/wp-json\/wp\/v2\/posts\/3475","targetHints":{"allow":["GET"]}}],"collection":[{"href":"https:\/\/www.medespoir.com\/blog\/wp-json\/wp\/v2\/posts"}],"about":[{"href":"https:\/\/www.medespoir.com\/blog\/wp-json\/wp\/v2\/types\/post"}],"author":[{"embeddable":true,"href":"https:\/\/www.medespoir.com\/blog\/wp-json\/wp\/v2\/users\/1"}],"replies":[{"embeddable":true,"href":"https:\/\/www.medespoir.com\/blog\/wp-json\/wp\/v2\/comments?post=3475"}],"version-history":[{"count":2,"href":"https:\/\/www.medespoir.com\/blog\/wp-json\/wp\/v2\/posts\/3475\/revisions"}],"predecessor-version":[{"id":3479,"href":"https:\/\/www.medespoir.com\/blog\/wp-json\/wp\/v2\/posts\/3475\/revisions\/3479"}],"wp:attachment":[{"href":"https:\/\/www.medespoir.com\/blog\/wp-json\/wp\/v2\/media?parent=3475"}],"wp:term":[{"taxonomy":"category","embeddable":true,"href":"https:\/\/www.medespoir.com\/blog\/wp-json\/wp\/v2\/categories?post=3475"},{"taxonomy":"post_tag","embeddable":true,"href":"https:\/\/www.medespoir.com\/blog\/wp-json\/wp\/v2\/tags?post=3475"}],"curies":[{"name":"wp","href":"https:\/\/api.w.org\/{rel}","templated":true}]}}