{"id":3469,"date":"2026-03-04T09:21:23","date_gmt":"2026-03-04T08:21:23","guid":{"rendered":"https:\/\/www.medespoir.com\/blog\/?p=3469"},"modified":"2026-03-04T09:21:23","modified_gmt":"2026-03-04T08:21:23","slug":"jim-carrey-chirurgie-esthetique-pourquoi-son-visage-intrigue-apres-les-cesar-2026","status":"publish","type":"post","link":"https:\/\/www.medespoir.com\/blog\/2026\/03\/04\/jim-carrey-chirurgie-esthetique-pourquoi-son-visage-intrigue-apres-les-cesar-2026\/","title":{"rendered":"Jim Carrey chirurgie esth\u00e9tique : pourquoi son visage intrigue apr\u00e8s les C\u00e9sar 2026 ?"},"content":{"rendered":"<p><!-- Open Graph --><br \/>\n<meta property=\"og:title\" content=\"Jim Carrey chirurgie esth\u00e9tique : transformation ou illusion ?\" \/><br \/>\n<meta property=\"og:description\" content=\"Pourquoi le visage de Jim Carrey aux C\u00e9sar 2026 a d\u00e9clench\u00e9 des rumeurs de chirurgie esth\u00e9tique. Analyse compl\u00e8te et explications.\" \/><br \/>\n<meta property=\"og:type\" content=\"article\" \/><\/p>\n<p><!-- Donn\u00e9es structur\u00e9es --><br \/>\n<script type=\"application\/ld+json\">\n{\n  \"@context\": \"https:\/\/schema.org\",\n  \"@type\": \"Article\",\n  \"headline\": \"Jim Carrey chirurgie esth\u00e9tique : transformation aux C\u00e9sar 2026 ou simple illusion ?\",\n  \"description\": \"Analyse des rumeurs de chirurgie esth\u00e9tique concernant Jim Carrey apr\u00e8s son apparition aux C\u00e9sar 2026.\",\n  \"author\": {\n    \"@type\": \"Organization\",\n    \"name\": \"R\u00e9daction\"\n  },\n  \"publisher\": {\n    \"@type\": \"Organization\",\n    \"name\": \"Magazine Culture & Analyse\",\n    \"logo\": {\n      \"@type\": \"ImageObject\",\n      \"url\": \"https:\/\/www.exemple.com\/logo.png\"\n    }\n  },\n  \"mainEntityOfPage\": {\n    \"@type\": \"WebPage\",\n    \"@id\": \"https:\/\/www.exemple.com\/jim-carrey-chirurgie-esthetique\"\n  },\n  \"datePublished\": \"2026-03-04\"\n}\n<\/script><\/p>\n<style>\n\/* labeling invisible SEO *\/\n.semantic-cluster{display:none;}\n.highlight-box{background:#f4f7fa;padding:20px;margin:25px 0;border-left:4px solid #2b6cb0;}\n.summary-box{background:#eef3f8;padding:20px;margin:20px 0;}\n<\/style>\n<p><\/head><\/p>\n<p><body><\/p>\n<p><a href=\"https:\/\/www.medespoir.com\/blog\/wp-content\/uploads\/2026\/03\/jim-carrey.webp\"><img loading=\"lazy\" decoding=\"async\" src=\"https:\/\/www.medespoir.com\/blog\/wp-content\/uploads\/2026\/03\/jim-carrey-300x169.webp\" alt=\"Jim Carrey chirurgie esth\u00e9tique \" width=\"300\" height=\"169\" class=\"alignnone size-medium wp-image-3471\" srcset=\"https:\/\/www.medespoir.com\/blog\/wp-content\/uploads\/2026\/03\/jim-carrey-300x169.webp 300w, https:\/\/www.medespoir.com\/blog\/wp-content\/uploads\/2026\/03\/jim-carrey-768x432.webp 768w, https:\/\/www.medespoir.com\/blog\/wp-content\/uploads\/2026\/03\/jim-carrey-720x405.webp 720w, https:\/\/www.medespoir.com\/blog\/wp-content\/uploads\/2026\/03\/jim-carrey.webp 986w\" sizes=\"auto, (max-width: 300px) 100vw, 300px\" \/><\/a><\/p>\n<div class=\"summary-box\">\n<strong>R\u00e9sum\u00e9 rapide :<\/strong> L\u2019apparition de <strong>Jim Carrey<\/strong> aux <strong>Cesar 2026<\/strong> a d\u00e9clench\u00e9 une vague de questions et de th\u00e9ories plus ou moins farfelues. Visage plus anguleux, regard diff\u00e9rent, traits per\u00e7us comme transform\u00e9s\u2026 Faut-il r\u00e9ellement parler d\u2019op\u00e9ration du visage ? Analyse compl\u00e8te et rationnelle.\n<\/div>\n<h2>Pourquoi les internautes pensent \u00e0 une chirurgie esth\u00e9tique ?<\/h2>\n<p>D\u00e8s son apparition sur sc\u00e8ne \u00e0 Paris, une partie du public a \u00e9t\u00e9 frapp\u00e9e par un d\u00e9tail :<br \/>\n<strong>son visage semblait diff\u00e9rent.<\/strong><\/p>\n<p>Sur Reddit, X et certains forums anglophones, les commentaires se sont multipli\u00e9s :<\/p>\n<p>&#8211; \u201cIl est m\u00e9connaissable\u201d<br \/>\n&#8211; \u201cSon regard n\u2019est plus le m\u00eame\u201d<br \/>\n&#8211; \u201cOn dirait un lifting\u201d<br \/>\n&#8211; \u201cIl a chang\u00e9 de m\u00e2choire ?\u201d<\/p>\n<p>Tr\u00e8s vite, la requ\u00eate \u201cJim Carrey chirurgie esth\u00e9tique\u201d a explos\u00e9 dans les moteurs de recherche.<\/p>\n<p>Mais qu\u2019a-t-on r\u00e9ellement observ\u00e9 ?<\/p>\n<p>&#8212;<\/p>\n<h2>Les constats physiques qui alimentent les rumeurs<\/h2>\n<p>Voici les \u00e9l\u00e9ments les plus mentionn\u00e9s par les internautes :<\/p>\n<h3>1\ufe0f\u20e3 Un visage plus creus\u00e9<\/h3>\n<p>Les joues paraissent plus fines qu\u2019auparavant, les pommettes plus marqu\u00e9es, les tempes l\u00e9g\u00e8rement creus\u00e9es.<\/p>\n<h3>2\ufe0f\u20e3 Un contour mandibulaire plus net<\/h3>\n<p>Certains ont \u00e9voqu\u00e9 une m\u00e2choire plus dessin\u00e9e, sugg\u00e9rant un remodelage ou un lifting inf\u00e9rieur.<\/p>\n<h3>3\ufe0f\u20e3 Un regard diff\u00e9rent<\/h3>\n<p>Le contour des yeux semble plus tendu sur certaines images, alimentant les hypoth\u00e8ses de bl\u00e9pharoplastie ou d\u2019injections.<\/p>\n<h3>4\ufe0f\u20e3 Une expression plus fig\u00e9e<\/h3>\n<p>Habitu\u00e9 \u00e0 ses mimiques explosives, le public a d\u00e9couvert un Jim Carrey plus pos\u00e9, plus solennel, presque statique.<\/p>\n<p>Isol\u00e9, chacun de ces \u00e9l\u00e9ments peut para\u00eetre anodin. Ensemble, ils cr\u00e9ent une impression de transformation.<\/p>\n<p>&#8212;<\/p>\n<h2>Ce que cela pourrait \u00e9voquer en chirurgie esth\u00e9tique<\/h2>\n<p>Si l\u2019on se place dans une lecture purement esth\u00e9tique, certains pourraient penser \u00e0 :<\/p>\n<p>&#8211; injections de toxine botulique (front, regard)<br \/>\n&#8211; comblement l\u00e9ger \u00e0 l\u2019acide hyaluronique<br \/>\n&#8211; bl\u00e9pharoplastie sup\u00e9rieure<br \/>\n&#8211; mini-lifting cervico-facial<\/p>\n<p>Mais \u00e0 ce jour, aucune confirmation officielle n\u2019indique que l\u2019acteur ait subi une chirurgie lourde ou r\u00e9cente.<\/p>\n<p>Il faut donc envisager des alternatives plus rationnelles.<\/p>\n<p>&#8212;<\/p>\n<h2>Les explications cr\u00e9dibles (et souvent oubli\u00e9es)<\/h2>\n<div class=\"highlight-box\">\nVoici les facteurs les plus plausibles pour expliquer cette impression de transformation sans recourir \u00e0 une chirurgie majeure.\n<\/div>\n<h3>\u2714\ufe0f Le vieillissement naturel<\/h3>\n<p>\u00c0 64 ans, la perte de volume graisseux facial est normale.<br \/>\nElle accentue :<\/p>\n<p>&#8211; les pommettes<br \/>\n&#8211; les orbites<br \/>\n&#8211; les sillons  <\/p>\n<p>Chez une personne tr\u00e8s expressive comme Jim Carrey, ces changements sont plus visibles.<\/p>\n<p>&#8212;<\/p>\n<h3>\u2714\ufe0f Une variation de poids<\/h3>\n<p>M\u00eame 4 ou 5 kilos peuvent :<\/p>\n<p>&#8211; affiner les joues<br \/>\n&#8211; modifier la ligne de la m\u00e2choire<br \/>\n&#8211; accentuer les tempes  <\/p>\n<p>Un visage plus mince peut facilement \u00eatre interpr\u00e9t\u00e9 comme \u201cchirurgical\u201d.<\/p>\n<p>&#8212;<\/p>\n<h3>\u2714\ufe0f L\u2019effet des cam\u00e9ras HD et de l\u2019\u00e9clairage<\/h3>\n<p>Les c\u00e9r\u00e9monies actuelles utilisent des cam\u00e9ras ultra haute d\u00e9finition et des \u00e9clairages puissants.<\/p>\n<p>R\u00e9sultat :<\/p>\n<p>&#8211; les ombres sont amplifi\u00e9es<br \/>\n&#8211; les volumes sont accentu\u00e9s<br \/>\n&#8211; certaines asym\u00e9tries naturelles deviennent visibles  <\/p>\n<p>Un arr\u00eat sur image viral peut d\u00e9former la perception globale.<\/p>\n<p>&#8212;<\/p>\n<h3>\u2714\ufe0f Le maquillage professionnel<\/h3>\n<p>Un maquillage de tapis rouge peut :<\/p>\n<p>&#8211; redessiner les pommettes<br \/>\n&#8211; matifier la peau<br \/>\n&#8211; tendre visuellement certaines zones  <\/p>\n<p>Selon l\u2019angle, l\u2019effet peut para\u00eetre spectaculaire.<\/p>\n<p>&#8212;<\/p>\n<h3>\u2714\ufe0f L\u2019effet \u201cm\u00e9moire collective\u201d<\/h3>\n<p>Le public compare inconsciemment :<\/p>\n<p>&#8211; Jim Carrey 2026<br \/>\n&#8211; Jim Carrey \u00e9poque <em>The Mask<\/em> ou <em>Ace Ventura<\/em><\/p>\n<p>Or notre cerveau conserve l\u2019image fig\u00e9e d\u2019une c\u00e9l\u00e9brit\u00e9 \u00e0 son apog\u00e9e m\u00e9diatique.<br \/>\nTout \u00e9cart avec cette image cr\u00e9e un choc visuel amplifi\u00e9.<\/p>\n<p>&#8212;<\/p>\n<h2>Alors, Jim Carrey a-t-il subi une chirurgie esth\u00e9tique ?<\/h2>\n<p>\u00c0 ce stade :<\/p>\n<p>&#8211; aucune preuve concr\u00e8te<br \/>\n&#8211; aucune d\u00e9claration officielle<br \/>\n&#8211; aucun \u00e9l\u00e9ment m\u00e9dical confirm\u00e9<\/p>\n<p>La transformation per\u00e7ue semble davantage r\u00e9sulter :<\/p>\n<p>\u2714 du vieillissement naturel<br \/>\n\u2714 d\u2019un possible changement de poids<br \/>\n\u2714 de l\u2019\u00e9clairage et des cam\u00e9ras<br \/>\n\u2714 d\u2019une expression plus sobre<br \/>\n\u2714 de la comparaison nostalgique  <\/p>\n<p>La th\u00e8se d\u2019une chirurgie lourde ne repose sur aucun fait \u00e9tabli.<\/p>\n<div class=\"semantic-cluster\">\nJim Carrey lifting visage, Jim Carrey botox, transformation Jim Carrey 2026, Jim Carrey avant apr\u00e8s, chirurgie esth\u00e9tique acteur hollywood, rumeur Reddit Jim Carrey visage, changement visage c\u00e9l\u00e9brit\u00e9.\n<\/div>\n<p><\/body><br \/>\n<\/html><\/p>\n","protected":false},"excerpt":{"rendered":"<p>R\u00e9sum\u00e9 rapide : L\u2019apparition de Jim Carrey aux Cesar 2026 a d\u00e9clench\u00e9 une vague de questions et de th\u00e9ories plus ou moins farfelues. Visage plus anguleux, regard diff\u00e9rent, traits per\u00e7us comme transform\u00e9s\u2026 Faut-il r\u00e9ellement parler d\u2019op\u00e9ration du visage ? Analyse compl\u00e8te et rationnelle. Pourquoi les internautes pensent \u00e0 une chirurgie esth\u00e9tique ? D\u00e8s son apparition&hellip; <span class=\"kuorinka-read-more\"><a href=\"https:\/\/www.medespoir.com\/blog\/2026\/03\/04\/jim-carrey-chirurgie-esthetique-pourquoi-son-visage-intrigue-apres-les-cesar-2026\/\" class=\"more-link\">Lire la suite <span class=\"screen-reader-text\">Jim Carrey chirurgie esth\u00e9tique : pourquoi son visage intrigue apr\u00e8s les C\u00e9sar 2026 ?<\/span><\/a><\/span><\/p>\n","protected":false},"author":1,"featured_media":0,"comment_status":"open","ping_status":"open","sticky":false,"template":"","format":"standard","meta":{"footnotes":""},"categories":[5,6],"tags":[],"class_list":{"0":"post-3469","1":"post","2":"type-post","3":"status-publish","4":"format-standard","6":"category-actualites","7":"category-visage","8":"entry"},"_links":{"self":[{"href":"https:\/\/www.medespoir.com\/blog\/wp-json\/wp\/v2\/posts\/3469","targetHints":{"allow":["GET"]}}],"collection":[{"href":"https:\/\/www.medespoir.com\/blog\/wp-json\/wp\/v2\/posts"}],"about":[{"href":"https:\/\/www.medespoir.com\/blog\/wp-json\/wp\/v2\/types\/post"}],"author":[{"embeddable":true,"href":"https:\/\/www.medespoir.com\/blog\/wp-json\/wp\/v2\/users\/1"}],"replies":[{"embeddable":true,"href":"https:\/\/www.medespoir.com\/blog\/wp-json\/wp\/v2\/comments?post=3469"}],"version-history":[{"count":4,"href":"https:\/\/www.medespoir.com\/blog\/wp-json\/wp\/v2\/posts\/3469\/revisions"}],"predecessor-version":[{"id":3474,"href":"https:\/\/www.medespoir.com\/blog\/wp-json\/wp\/v2\/posts\/3469\/revisions\/3474"}],"wp:attachment":[{"href":"https:\/\/www.medespoir.com\/blog\/wp-json\/wp\/v2\/media?parent=3469"}],"wp:term":[{"taxonomy":"category","embeddable":true,"href":"https:\/\/www.medespoir.com\/blog\/wp-json\/wp\/v2\/categories?post=3469"},{"taxonomy":"post_tag","embeddable":true,"href":"https:\/\/www.medespoir.com\/blog\/wp-json\/wp\/v2\/tags?post=3469"}],"curies":[{"name":"wp","href":"https:\/\/api.w.org\/{rel}","templated":true}]}}