{"id":2066,"date":"2023-08-18T10:56:02","date_gmt":"2023-08-18T09:56:02","guid":{"rendered":"https:\/\/www.medespoir.com\/blog\/?p=2066"},"modified":"2024-06-25T07:35:17","modified_gmt":"2024-06-25T06:35:17","slug":"greffe-cheveux-en-tunisie-pour-canadienstemoignage","status":"publish","type":"post","link":"https:\/\/www.medespoir.com\/blog\/2023\/08\/18\/greffe-cheveux-en-tunisie-pour-canadienstemoignage\/","title":{"rendered":"Greffe cheveux en Tunisie pour Canadiens(T\u00e9moignage)"},"content":{"rendered":"<p>Un de nos patients venu du Canada a eu la gentillesse de nous faire part de son t\u00e9moignage sur sa <a href=\"https:\/\/www.medespoir.com\/greffe-cheveux-tunisie.php\">greffe de cheveux en Tunisie<\/a> et de son besoin de retrouver une chevelure dense en raison d&rsquo;une alop\u00e9cie d\u00e9j\u00e0 avanc\u00e9e avant ses 30 ans.<br \/>\n<figure id=\"attachment_2408\" aria-describedby=\"caption-attachment-2408\" style=\"width: 300px\" class=\"wp-caption alignnone\"><a href=\"https:\/\/www.medespoir.com\/blog\/wp-content\/uploads\/2023\/08\/greffe-cheveux-tunisie-canada.jpg\"><img loading=\"lazy\" decoding=\"async\" src=\"https:\/\/www.medespoir.com\/blog\/wp-content\/uploads\/2023\/08\/greffe-cheveux-tunisie-canada-300x188.jpg\" alt=\"\" width=\"300\" height=\"188\" class=\"size-medium wp-image-2408\" srcset=\"https:\/\/www.medespoir.com\/blog\/wp-content\/uploads\/2023\/08\/greffe-cheveux-tunisie-canada-300x188.jpg 300w, https:\/\/www.medespoir.com\/blog\/wp-content\/uploads\/2023\/08\/greffe-cheveux-tunisie-canada.jpg 330w\" sizes=\"auto, (max-width: 300px) 100vw, 300px\" \/><\/a><figcaption id=\"caption-attachment-2408\" class=\"wp-caption-text\">avis greffe cheveux tunisie par des patients canadiens<\/figcaption><\/figure><br \/>\n<br \/>\nVoici son avis :<br \/>\n\u00a0\u00bb J&rsquo;ai eu besoin d&rsquo;une greffe capillaire d\u00e8s mes 26 ans. Je commencais \u00e0 avoir des cheveux clairsem\u00e9s au niveau du front et des golfes avec un trou tr\u00e8s visible sur le dessus de la t\u00eate.<br \/>\nCe probl\u00e8me de calvitie tr\u00e8s pr\u00e9coce a entam\u00e9 ma confiance en moi. Pour le travail et les relations, j&rsquo;avais le sentiment qu&rsquo;on ne voyait que mon d\u00e9but de calvitie.<br \/>\nJe n&rsquo;ai pas ben trop les moyens alors j&rsquo;ai tout de m\u00eame consulter quelques sites sur Montr\u00e9al.<br \/>\nA chaque fois, on me disait qu&rsquo;il fallait partir sur 3500 \u00e0 5000 greffons pour restaurer convenablement ma chevelure.<br \/>\nPrix mentionn\u00e9 pour une greffe de cheveux au Canada dans une clinique \u00e0 Montr\u00e9al autour de 14100 dollars.<br \/>\nImpossible pour moi de sortir une telle somme m\u00eame pour changer de look.<br \/>\n<br \/>\nJ&rsquo;ai pens\u00e9 alors \u00e0 l&rsquo;\u00e9tranger. J&rsquo;ai consult\u00e9 quelques sites de destinations en dehors du Canada, au Mexique, \u00e0 Cuba et en Tunisie.<br \/>\nC&rsquo;est franchement en Tunisie que le choix m&rsquo;a semble le plus ad\u00e9quat \u00e0 la fois pour le prix et le sentiment de trouver de la qualit\u00e9.<br \/>\nEn plus j&rsquo;ai eu le t\u00e9moignage d&rsquo;un ami d&rsquo;ami qui a choisi Medespoir pour sa greffe capillaire \u00e0 Tunis en 2021 et qui en est revenu ravi pour la prise en charge et le r\u00e9sultat.<br \/>\n<br \/>\nJ&rsquo;ai donc demand\u00e9 une estimation en ligne gratuite avec stade de calvitie pour une perte de cheveux homme.<br \/>\nLe diagnostic \u00e9tait le m\u00eame que lors de mes pr\u00e9c\u00e9dentes recherches mais le tarif n&rsquo;avait rien \u00e0 voir. En Tunisie on me proposait une greffe de cheveux 3500 \u00e0 5000 greffons pour 3 fois moins cher.<br \/>\nDe l\u00e0  j&rsquo;ai \u00e9t\u00e9 mis en relation avec un m\u00e9decin qui a assur\u00e9 la supervision de ma transplantation capillaire du d\u00e9but \u00e0 la fin et qui a assur\u00e9 la micro chirurgie par implantations, c&rsquo;est une technique tr\u00e8s douce, la FUE.<br \/>\nCe m\u00e9decin et comme tous les gens de la clinique Medespoir ont \u00e9t\u00e9 hyper gentils. Le m\u00e9decin ma bien dit que la perte de cheveux masculine \u00e9tait une condition courante et que des techniques s\u00fbres de greffe capillaire allaient m&rsquo;aider \u00e0 reprendre confiance en moi.<br \/>\nJe suis super content d&rsquo;avoir fait ce choix et du r\u00e9sultat obtenu : je suis ravi de la restauration capillaire obtenue, j&rsquo;ai la m\u00eame chevelure qu&rsquo;\u00e0 20 ans.<br \/>\n<br \/>\nTout en Tunisie a \u00e9t\u00e9 bien fait : description de la s\u00e9ance, fa\u00e7on de faire, qualit\u00e9 de la chambre en clinique, pr\u00e9venance des infirmi\u00e8res, confort dans le transfert et s\u00e9jour ravissant en h\u00f4tel avec joli d\u00e9cor, tr\u00e8s bonne nourriture et calme.<br \/>\nMerci \u00e0 Medespoir que je recommande pour une greffe de cheveux en Tunisie \u00e0 tous mes amis hommes et femmes au Canada qui sont concern\u00e9s.\u00a0\u00bb <\/p>\n","protected":false},"excerpt":{"rendered":"<p>Un de nos patients venu du Canada a eu la gentillesse de nous faire part de son t\u00e9moignage sur sa greffe de cheveux en Tunisie et de son besoin de retrouver une chevelure dense en raison d&rsquo;une alop\u00e9cie d\u00e9j\u00e0 avanc\u00e9e avant ses 30 ans. Voici son avis : \u00a0\u00bb J&rsquo;ai eu besoin d&rsquo;une greffe capillaire&hellip; <span class=\"kuorinka-read-more\"><a href=\"https:\/\/www.medespoir.com\/blog\/2023\/08\/18\/greffe-cheveux-en-tunisie-pour-canadienstemoignage\/\" class=\"more-link\">Lire la suite <span class=\"screen-reader-text\">Greffe cheveux en Tunisie pour Canadiens(T\u00e9moignage)<\/span><\/a><\/span><\/p>\n","protected":false},"author":1,"featured_media":0,"comment_status":"open","ping_status":"open","sticky":false,"template":"","format":"standard","meta":{"footnotes":""},"categories":[6],"tags":[],"class_list":{"0":"post-2066","1":"post","2":"type-post","3":"status-publish","4":"format-standard","6":"category-visage","7":"entry"},"_links":{"self":[{"href":"https:\/\/www.medespoir.com\/blog\/wp-json\/wp\/v2\/posts\/2066","targetHints":{"allow":["GET"]}}],"collection":[{"href":"https:\/\/www.medespoir.com\/blog\/wp-json\/wp\/v2\/posts"}],"about":[{"href":"https:\/\/www.medespoir.com\/blog\/wp-json\/wp\/v2\/types\/post"}],"author":[{"embeddable":true,"href":"https:\/\/www.medespoir.com\/blog\/wp-json\/wp\/v2\/users\/1"}],"replies":[{"embeddable":true,"href":"https:\/\/www.medespoir.com\/blog\/wp-json\/wp\/v2\/comments?post=2066"}],"version-history":[{"count":6,"href":"https:\/\/www.medespoir.com\/blog\/wp-json\/wp\/v2\/posts\/2066\/revisions"}],"predecessor-version":[{"id":2552,"href":"https:\/\/www.medespoir.com\/blog\/wp-json\/wp\/v2\/posts\/2066\/revisions\/2552"}],"wp:attachment":[{"href":"https:\/\/www.medespoir.com\/blog\/wp-json\/wp\/v2\/media?parent=2066"}],"wp:term":[{"taxonomy":"category","embeddable":true,"href":"https:\/\/www.medespoir.com\/blog\/wp-json\/wp\/v2\/categories?post=2066"},{"taxonomy":"post_tag","embeddable":true,"href":"https:\/\/www.medespoir.com\/blog\/wp-json\/wp\/v2\/tags?post=2066"}],"curies":[{"name":"wp","href":"https:\/\/api.w.org\/{rel}","templated":true}]}}