{"id":102,"date":"2015-12-11T15:41:11","date_gmt":"2015-12-11T14:41:11","guid":{"rendered":"http:\/\/www.medespoir.com\/blog\/?p=102"},"modified":"2020-04-04T14:56:04","modified_gmt":"2020-04-04T13:56:04","slug":"portrait-de-patiente-magdalena","status":"publish","type":"post","link":"https:\/\/www.medespoir.com\/blog\/2015\/12\/11\/portrait-de-patiente-magdalena\/","title":{"rendered":"Portrait de patiente : Magdalena"},"content":{"rendered":"<p style=\"text-align: justify;\">Magdalena est un peu l\u2019embl\u00e8me de la <a href=\"https:\/\/www.clinique-espoir-tunisie.com\">clinique de Tunis<\/a> avec laquelle nous travaillons depuis plusieurs ann\u00e9es.<\/p>\n<figure id=\"attachment_103\" aria-describedby=\"caption-attachment-103\" style=\"width: 441px\" class=\"wp-caption aligncenter\"><a href=\"https:\/\/www.medespoir.com\/blog\/wp-content\/uploads\/2015\/12\/magdalena-chirurgie-esthetique-tunisie.png\"><img loading=\"lazy\" decoding=\"async\" class=\"wp-image-103 size-full\" src=\"https:\/\/www.medespoir.com\/blog\/wp-content\/uploads\/2015\/12\/magdalena-chirurgie-esthetique-tunisie.png\" alt=\"Magdalena chirurgie esthetique tunisie\" width=\"441\" height=\"269\" srcset=\"https:\/\/www.medespoir.com\/blog\/wp-content\/uploads\/2015\/12\/magdalena-chirurgie-esthetique-tunisie.png 441w, https:\/\/www.medespoir.com\/blog\/wp-content\/uploads\/2015\/12\/magdalena-chirurgie-esthetique-tunisie-300x183.png 300w\" sizes=\"auto, (max-width: 441px) 100vw, 441px\" \/><\/a><figcaption id=\"caption-attachment-103\" class=\"wp-caption-text\">Magdalena : Son t\u00e9moignage apr\u00e8s une chirurgie esthetique Tunisie<\/figcaption><\/figure>\n<p style=\"text-align: justify;\">Cette belle jeune femme a incarn\u00e9 l\u2019esprit de fraicheur qui a accompagn\u00e9 l\u2019int\u00e9r\u00eat des t\u00e9l\u00e9visions fran\u00e7aises pour notre pays et qui s\u2019est manifest\u00e9 par de <a href=\"https:\/\/www.medespoir.com\/blog\/2015\/11\/25\/des-reportages-televises-sur-la-chirurgie-esthetique-en-tunisie\/\" target=\"_blank\" rel=\"noopener noreferrer\">tr\u00e8s bonnes \u00e9missions sur la chirurgie esth\u00e9tique en Tunisie<\/a> depuis le d\u00e9but de la d\u00e9cennie 2010.<\/p>\n<h2>Nez et seins<\/h2>\n<p style=\"text-align: justify;\">Magdalena c\u2019est une fille comme beaucoup qui ont 20 ans. Elle est jeune, certes, mais elle sait ce qu\u2019elle veut. Elle se dit que son ambition dans la vie doit \u00eatre accompagn\u00e9e d\u2019une apparence qui ne laisse pas indiff\u00e9rent.<\/p>\n<p style=\"text-align: justify;\">Cette r\u00e9flexion est bien le signe d\u2019une maturit\u00e9. Alors que veut faire Magdalena quand elle accepte de participer \u00e0 l\u2019\u00e9mission de <a href=\"https:\/\/www.medespoir.com\/blog\/2015\/12\/01\/tellement-vrai-a-la-rencontre-de-la-chirurgie-en-tunisie\/\" target=\"_blank\" rel=\"noopener noreferrer\">NRJ12, Tellement Vrai<\/a>. Eh bien, elle veut <a href=\"https:\/\/www.medespoir.com\/blog\/2015\/09\/07\/50-occasions-de-refaire-son-nez\/\" target=\"_blank\" rel=\"noopener noreferrer\">refaire son nez<\/a> dont la courbe au niveau de la pyramide nasale la g\u00eane et elle veut agrandir ses seins.<\/p>\n<p style=\"text-align: justify;\">Elle souhaite donc apporter un peu plus d\u2019harmonie au niveau de son visage, c\u2019est ce qui se voit imm\u00e9diatement et puis avec son <a href=\"https:\/\/www.medespoir.com\/augmentation-mammaire.php\" target=\"_blank\" rel=\"noopener noreferrer\">augmentation mammaire<\/a> elle veut favoriser sa f\u00e9minit\u00e9 parce qu\u2019elle sait que c\u2019est un atout dans la vie.<\/p>\n<p style=\"text-align: justify;\">Tout au long du reportage de la chaine de la TNT, on pourra donc suivre en acte la d\u00e9monstration d\u2019un projet et d\u2019une ambition bien compr\u00e9hensibles et qui suscitent l\u2019int\u00e9r\u00eat pour d\u2019autres jeunes gens de 20 ans et m\u00eame pour des personnes plus \u00e2g\u00e9es.<\/p>\n<p style=\"text-align: justify;\">C\u2019est encore une fois la preuve que la chirurgie plastique inscrit le d\u00e9passement du complexe dans une d\u00e9marche volontaire d\u2019affirmation de soi tr\u00e8s saine. Car personne ne peut d\u00e9sirer la stagnation et se r\u00e9soudre \u00e0 vivre n\u00e9gativement son apparence si il estime avoir les moyens de les d\u00e9passer.<\/p>\n<p style=\"text-align: justify;\">C\u2019est sans doute cette volont\u00e9, cette audace qui vous a plu et qui plait encore aux t\u00e9l\u00e9spectateurs puisque \u00e0 chaque rediffusion du reportage sur Magdalena et ses interventions de chirurgie en Tunisie, vous \u00eates nombreux \u00e0 regarder Tellement Vrai ou Cherie25 sur laquelle l\u2019\u00e9mission passe \u00e9galement.<\/p>\n","protected":false},"excerpt":{"rendered":"<p>Magdalena est un peu l\u2019embl\u00e8me de la clinique de Tunis avec laquelle nous travaillons depuis plusieurs ann\u00e9es. Cette belle jeune femme a incarn\u00e9 l\u2019esprit de fraicheur qui a accompagn\u00e9 l\u2019int\u00e9r\u00eat des t\u00e9l\u00e9visions fran\u00e7aises pour notre pays et qui s\u2019est manifest\u00e9 par de tr\u00e8s bonnes \u00e9missions sur la chirurgie esth\u00e9tique en Tunisie depuis le d\u00e9but de&hellip; <span class=\"kuorinka-read-more\"><a href=\"https:\/\/www.medespoir.com\/blog\/2015\/12\/11\/portrait-de-patiente-magdalena\/\" class=\"more-link\">Lire la suite <span class=\"screen-reader-text\">Portrait de patiente : Magdalena<\/span><\/a><\/span><\/p>\n","protected":false},"author":1,"featured_media":103,"comment_status":"closed","ping_status":"closed","sticky":false,"template":"","format":"standard","meta":{"footnotes":""},"categories":[4],"tags":[],"class_list":{"0":"post-102","1":"post","2":"type-post","3":"status-publish","4":"format-standard","5":"has-post-thumbnail","7":"category-seins","8":"entry"},"_links":{"self":[{"href":"https:\/\/www.medespoir.com\/blog\/wp-json\/wp\/v2\/posts\/102","targetHints":{"allow":["GET"]}}],"collection":[{"href":"https:\/\/www.medespoir.com\/blog\/wp-json\/wp\/v2\/posts"}],"about":[{"href":"https:\/\/www.medespoir.com\/blog\/wp-json\/wp\/v2\/types\/post"}],"author":[{"embeddable":true,"href":"https:\/\/www.medespoir.com\/blog\/wp-json\/wp\/v2\/users\/1"}],"replies":[{"embeddable":true,"href":"https:\/\/www.medespoir.com\/blog\/wp-json\/wp\/v2\/comments?post=102"}],"version-history":[{"count":8,"href":"https:\/\/www.medespoir.com\/blog\/wp-json\/wp\/v2\/posts\/102\/revisions"}],"predecessor-version":[{"id":998,"href":"https:\/\/www.medespoir.com\/blog\/wp-json\/wp\/v2\/posts\/102\/revisions\/998"}],"wp:featuredmedia":[{"embeddable":true,"href":"https:\/\/www.medespoir.com\/blog\/wp-json\/wp\/v2\/media\/103"}],"wp:attachment":[{"href":"https:\/\/www.medespoir.com\/blog\/wp-json\/wp\/v2\/media?parent=102"}],"wp:term":[{"taxonomy":"category","embeddable":true,"href":"https:\/\/www.medespoir.com\/blog\/wp-json\/wp\/v2\/categories?post=102"},{"taxonomy":"post_tag","embeddable":true,"href":"https:\/\/www.medespoir.com\/blog\/wp-json\/wp\/v2\/tags?post=102"}],"curies":[{"name":"wp","href":"https:\/\/api.w.org\/{rel}","templated":true}]}}